{"id":1239,"date":"2025-04-03T08:58:00","date_gmt":"2025-04-03T06:58:00","guid":{"rendered":"https:\/\/www.lyceehenaff.fr\/?p=1239"},"modified":"2025-10-10T12:08:12","modified_gmt":"2025-10-10T10:08:12","slug":"procedure-a-suivre-pour-les-problemes-concernant-le-pc-region","status":"publish","type":"post","link":"https:\/\/www.lyceehenaff.fr\/index.php\/2025\/04\/03\/procedure-a-suivre-pour-les-problemes-concernant-le-pc-region\/","title":{"rendered":"Proc\u00e9dure \u00e0 suivre pour les probl\u00e8mes concernant le PC R\u00e9gion."},"content":{"rendered":"<p>[et_pb_section fb_built=\u00a0\u00bb1&Prime; _builder_version=\u00a0\u00bb4.23.1&Prime; _module_preset=\u00a0\u00bbdefault\u00a0\u00bb global_colors_info=\u00a0\u00bb{}\u00a0\u00bb][et_pb_row _builder_version=\u00a0\u00bb4.23.1&Prime; _module_preset=\u00a0\u00bbdefault\u00a0\u00bb custom_margin=\u00a0\u00bb-68px|auto||auto||\u00a0\u00bb custom_padding=\u00a0\u00bb11px|||||\u00a0\u00bb global_colors_info=\u00a0\u00bb{}\u00a0\u00bb][et_pb_column type=\u00a0\u00bb4_4&Prime; _builder_version=\u00a0\u00bb4.23.1&Prime; _module_preset=\u00a0\u00bbdefault\u00a0\u00bb global_colors_info=\u00a0\u00bb{}\u00a0\u00bb][et_pb_text _builder_version=\u00a0\u00bb4.24.2&Prime; _module_preset=\u00a0\u00bbdefault\u00a0\u00bb global_colors_info=\u00a0\u00bb{}\u00a0\u00bb]<\/p>\n<div class=\"x_x_elementToProof\"><b><i>Pour les \u00e9l\u00e8ves scolaris\u00e9s au lyc\u00e9e H\u00e9naff.\u00a0<\/i><\/b><\/div>\n<div class=\"x_x_elementToProof\"><\/div>\n<div class=\"x_x_elementToProof\"><\/div>\n<div class=\"x_x_elementToProof\"><\/div>\n<div class=\"x_x_elementToProof\"><\/div>\n<div class=\"x_x_elementToProof\"><b><i><\/i><\/b><\/div>\n<div class=\"x_x_elementToProof\"><b><i><\/i><\/b><\/div>\n<p><b><i><\/i><\/b><\/p>\n<div><span>Il faut noter avant le num\u00e9ro de s\u00e9rie de votre PC not\u00e9 au dos commen\u00e7ant par IF.\u00a0\u00a0<\/span><\/div>\n<div><span>\u200b<\/span><\/div>\n<div><span><o:p><\/o:p><\/span><\/div>\n<div><span>\u00a0<\/span><a href=\"https:\/\/iledefrance-unowhy.com\/contact-assistance\/\">cliquez ici<\/a><span>\u00a0<\/span><span>pour contacter le support technique\u00a0<\/span><span>\u00a0<\/span><span> depuis votre t\u00e9l\u00e9phone reli\u00e9 \u00e0 Internet (conseill\u00e9 pour envoyer les photos demand\u00e9es)<\/span><\/div>\n<div><span><\/span><\/div>\n<div>\n<div><span>\u200b<\/span><\/div>\n<div><span>Le chat va vous demander des photos du PC<\/span><\/div>\n<ul>\n<li>Une photo du PC\u00a0<strong>c\u00f4t\u00e9 gauche<\/strong><\/li>\n<li>Une photo du PC\u00a0<strong>c\u00f4t\u00e9 droit<\/strong><\/li>\n<li>Une photo de\u00a0<strong>l\u2019ensemble du PC<\/strong>\u00a0(vue globale de l\u2019appareil ouvert)<\/li>\n<\/ul>\n<\/div>\n<div><span style=\"font-size: 14px;\"><\/span><\/div>\n<div><span style=\"font-size: 14px;\"><\/span><\/div>\n<div><span style=\"font-size: 14px;\">\u200b<\/span><\/div>\n<div>Si vous \u00eates bien dans les cr\u00e9neau d&rsquo;ouverture , un bouton bleu va apparaitre en bas \u00e0 droite\u00a0<\/div>\n<div><span>Le chat<\/span><span>\u00a0est accessible du<\/span><span> lundi au vendredi de 9h-17h30 en p\u00e9riode scolaire<\/span><span>. (sans interruption le midi)<\/span><\/div>\n<div><img decoding=\"async\" src=\"https:\/\/ent.iledefrance.fr\/workspace\/document\/32b49e44-e475-46ca-8e8b-e3a1930d0676\" alt=\"\" \/><\/div>\n<div><\/div>\n<div><\/div>\n<p>\u00a0<b><i>Pour les \u00e9l\u00e8ves qui vont quitter le lyc\u00e9e et qui ne seront plus scolaris\u00e9s dans un autre lyc\u00e9e en Ile de France :<\/i><\/b><\/p>\n<p><b><i><\/i><\/b><\/p>\n<p><b><\/b><\/p>\n<p><b><i><\/i><\/b><\/p>\n<p><b><i><\/i><\/b><\/p>\n<div class=\"x_x_elementToProof\"><\/div>\n<div class=\"x_x_elementToProof\"><b><i><\/i><\/b><\/div>\n<div class=\"x_x_elementToProof\"><b><i><\/i><\/b><\/div>\n<div class=\"x_x_elementToProof\"><b><i><\/i><\/b><\/div>\n<div class=\"x_x_elementToProof\"><b><i><\/i><\/b><\/div>\n<div class=\"x_x_elementToProof\"><b><i><\/i><\/b><\/div>\n<div class=\"x_x_elementToProof\"><b><i><\/i><\/b><\/div>\n<div class=\"x_x_elementToProof\"><b><i><\/i><\/b><\/div>\n<div class=\"x_x_elementToProof\"><b><i><\/i><\/b><\/div>\n<div class=\"x_x_elementToProof\"><b><i><\/i><\/b><\/div>\n<div class=\"x_x_elementToProof\"><b><i><\/i><\/b><\/div>\n<div class=\"x_x_elementToProof\"><b><i><\/i><\/b><\/div>\n<div class=\"x_x_elementToProof\"><b><i><\/i><\/b><\/div>\n<div class=\"x_x_elementToProof\"><b><i><\/i><\/b><\/div>\n<div class=\"x_x_elementToProof\"><b><i><\/i><\/b><\/div>\n<div class=\"x_x_elementToProof\"><b><i><\/i><\/b><\/div>\n<div class=\"x_x_elementToProof\"><b><i><\/i><\/b><\/div>\n<div class=\"x_x_elementToProof\"><\/div>\n<div class=\"x_x_elementToProof\"><\/div>\n<div class=\"x_x_elementToProof\"><\/div>\n<div class=\"x_x_elementToProof\"><\/div>\n<div class=\"x_x_elementToProof\"><\/div>\n<div class=\"x_x_elementToProof\">Chers El\u00e8ves de terminales,<\/div>\n<div class=\"x_x_elementToProof\" aria-hidden=\"true\">\u00a0<\/div>\n<div>Vous ne serez peut \u00eatre plus scolaris\u00e9s dans un lyc\u00e9e en Ile de France en septembre prochain.\u00a0<\/div>\n<div>Le PC R\u00e9gion vous appartiendra, mais par contre il ne sera plus sous garantie (m\u00eame si la date au dessous indique le contraire, elle ne concerne que les \u00e9l\u00e8ves en BTS en lyc\u00e9e)<\/div>\n<div aria-hidden=\"true\">\u00a0<\/div>\n<div><b><u>Informations \u00e0 noter (si vous n&rsquo;\u00eates plus scolaris\u00e9 dans un lyc\u00e9e d&rsquo;Ile de France) :<\/u><\/b><\/div>\n<div>&#8211; Votre compte ENT sera supprim\u00e9 fin juillet, le mot de passe du PC restera toujours celui de votre compte ENT, notez le bien.<\/div>\n<div>\n<p>\u00e0 la rentr\u00e9e voire jusqu&rsquo;\u00e0 mi octobre (environ), Unowhy (le fabriquant) va vous donner une proc\u00e9dure pour vous puissiez avoir les droits administrateurs<\/p>\n<p>Voici comment cela se passera :<\/p>\n<ul class=\"wp-block-list\">\n<li><strong>D\u00e9but septembre <\/strong>, une notification s\u2019affichera automatiquement sur votre appareil.<\/li>\n<li>Au clic sur le bouton<span>\u00a0<\/span><strong><em>Ouvrir<\/em><\/strong>, une page s\u2019ouvrira vous indiquant la marche \u00e0 suivre pour<span>\u00a0<\/span><strong>activer les droits administrateur<\/strong>. La proc\u00e9dure est simple, guid\u00e9e et ne n\u00e9cessite aucune intervention ext\u00e9rieure.<\/li>\n<li>Si vous ne cliquez pas sur le bouton<span>\u00a0<\/span><strong><em>Ouvrir<\/em><\/strong>, la page s\u2019ouvrira \u00e0 la prochaine ouverture de session.<\/li>\n<li>Une fois les droits activ\u00e9s, vous pourrez : installer les applications de votre choix, modifier les r\u00e9glages syst\u00e8me et utiliser pleinement votre \u00e9quipement, sans restriction.<\/li>\n<\/ul>\n<\/div>\n<div><\/div>\n<div><\/div>\n<div><\/div>\n<div><\/div>\n<div><\/div>\n<div><\/div>\n<div><\/div>\n<div><\/div>\n<div>vous pourrez toujours contacter le chat du SAV pour traiter ce type de probl\u00e8mes. (le lien est sur cette page)<\/div>\n<div aria-hidden=\"true\">\u00a0<\/div>\n<h4 class=\"x_x_elementToProof\">&#8211;<strong> Vous n&rsquo;aurez plus les licences pour le pack Office : word, Excel, PowerPoint. Vu que vous aurez les droits administrateur, vous pourrez donc les d\u00e9sinstaller et utiliser Libre Office qui est une suite bureautique gratuite.<\/strong><\/h4>\n<p>[\/et_pb_text][\/et_pb_column][\/et_pb_row][\/et_pb_section]<\/p>\n","protected":false},"excerpt":{"rendered":"<p>Pour les \u00e9l\u00e8ves scolaris\u00e9s au lyc\u00e9e H\u00e9naff.\u00a0 Il faut noter avant le num\u00e9ro de s\u00e9rie de votre PC not\u00e9 au dos commen\u00e7ant par IF.\u00a0\u00a0 \u200b \u00a0cliquez ici\u00a0pour contacter le support technique\u00a0\u00a0 depuis votre t\u00e9l\u00e9phone reli\u00e9 \u00e0 Internet (conseill\u00e9 pour envoyer les photos demand\u00e9es) \u200b Le chat va vous demander des photos du PC Une photo [&hellip;]<\/p>\n","protected":false},"author":3,"featured_media":0,"comment_status":"closed","ping_status":"open","sticky":false,"template":"","format":"standard","meta":{"_et_pb_use_builder":"on","_et_pb_old_content":"","_et_gb_content_width":"","footnotes":""},"categories":[15],"tags":[],"class_list":["post-1239","post","type-post","status-publish","format-standard","hentry","category-espace-pedagogique"],"_links":{"self":[{"href":"https:\/\/www.lyceehenaff.fr\/index.php\/wp-json\/wp\/v2\/posts\/1239","targetHints":{"allow":["GET"]}}],"collection":[{"href":"https:\/\/www.lyceehenaff.fr\/index.php\/wp-json\/wp\/v2\/posts"}],"about":[{"href":"https:\/\/www.lyceehenaff.fr\/index.php\/wp-json\/wp\/v2\/types\/post"}],"author":[{"embeddable":true,"href":"https:\/\/www.lyceehenaff.fr\/index.php\/wp-json\/wp\/v2\/users\/3"}],"replies":[{"embeddable":true,"href":"https:\/\/www.lyceehenaff.fr\/index.php\/wp-json\/wp\/v2\/comments?post=1239"}],"version-history":[{"count":12,"href":"https:\/\/www.lyceehenaff.fr\/index.php\/wp-json\/wp\/v2\/posts\/1239\/revisions"}],"predecessor-version":[{"id":2349,"href":"https:\/\/www.lyceehenaff.fr\/index.php\/wp-json\/wp\/v2\/posts\/1239\/revisions\/2349"}],"wp:attachment":[{"href":"https:\/\/www.lyceehenaff.fr\/index.php\/wp-json\/wp\/v2\/media?parent=1239"}],"wp:term":[{"taxonomy":"category","embeddable":true,"href":"https:\/\/www.lyceehenaff.fr\/index.php\/wp-json\/wp\/v2\/categories?post=1239"},{"taxonomy":"post_tag","embeddable":true,"href":"https:\/\/www.lyceehenaff.fr\/index.php\/wp-json\/wp\/v2\/tags?post=1239"}],"curies":[{"name":"wp","href":"https:\/\/api.w.org\/{rel}","templated":true}]}}