{"id":1392,"date":"2024-04-22T17:58:12","date_gmt":"2024-04-22T15:58:12","guid":{"rendered":"https:\/\/www.lyceehenaff.fr\/?p=1392"},"modified":"2024-08-30T02:10:21","modified_gmt":"2024-08-30T00:10:21","slug":"les-candidatures-en-bma-sont-ouvertes","status":"publish","type":"post","link":"https:\/\/www.lyceehenaff.fr\/index.php\/2024\/04\/22\/les-candidatures-en-bma-sont-ouvertes\/","title":{"rendered":"Les candidatures en BMA sont ouvertes"},"content":{"rendered":"\n[et_pb_section fb_built=\u00a0\u00bb1&Prime; _builder_version=\u00a0\u00bb4.23.1&Prime; _module_preset=\u00a0\u00bbdefault\u00a0\u00bb background_enable_image=\u00a0\u00bboff\u00a0\u00bb border_radii=\u00a0\u00bbon|10px|10px|10px|10px\u00a0\u00bb global_colors_info=\u00a0\u00bb{}\u00a0\u00bb][et_pb_row _builder_version=\u00a0\u00bb4.25.0&Prime; _module_preset=\u00a0\u00bbdefault\u00a0\u00bb global_colors_info=\u00a0\u00bb{}\u00a0\u00bb][et_pb_column type=\u00a0\u00bb4_4&Prime; _builder_version=\u00a0\u00bb4.25.0&Prime; _module_preset=\u00a0\u00bbdefault\u00a0\u00bb global_colors_info=\u00a0\u00bb{}\u00a0\u00bb][et_pb_text _builder_version=\u00a0\u00bb4.25.0&Prime; _module_preset=\u00a0\u00bbdefault\u00a0\u00bb global_colors_info=\u00a0\u00bb{}\u00a0\u00bb]<div class=\"x_elementToProof\" style=\"font-family: Aptos, Aptos_EmbeddedFont, Aptos_MSFontService, Calibri, Helvetica, sans-serif; font-size: 12pt; color: #000000 !important;\">Le brevet des m\u00e9tiers d&rsquo;art est un dipl\u00f4me national de la fili\u00e8re des m\u00e9tiers d&rsquo;art visant \u00e0 conserver et transmettre les techniques traditionnelles tout en favorisant l&rsquo;innovation. Il a pour vis\u00e9e l\u2019insertion professionnelle. Toutefois, une poursuite d\u2019\u00e9tudes peut \u00eatre envisag\u00e9e en dipl\u00f4me national des m\u00e9tiers d\u2019art et du design (DN MADE).<\/div>\n<div class=\"x_elementToProof\" style=\"font-family: Aptos, Aptos_EmbeddedFont, Aptos_MSFontService, Calibri, Helvetica, sans-serif; font-size: 12pt; color: #000000 !important;\"><\/div>\n<div class=\"x_elementToProof\" style=\"font-family: Aptos, Aptos_EmbeddedFont, Aptos_MSFontService, Calibri, Helvetica, sans-serif; font-size: 12pt; color: #000000 !important;\">Le lyc\u00e9e Eug\u00e8ne H\u00e9naff propose deux BMA :\u00a0<\/div>\n<div class=\"x_elementToProof\" style=\"font-family: Aptos, Aptos_EmbeddedFont, Aptos_MSFontService, Calibri, Helvetica, sans-serif; font-size: 12pt; color: #000000 !important;\">\u2002\u2002\u2002\u2002\u2002\u2002-<b>\u00a0\u00c9b\u00e9nisterie<\/b>\u00a0(accessible apr\u00e8s un CAP \u00c9b\u00e9nisterie ou Menuisier Fabricant) ;\u00a0<\/div>\n<div class=\"x_elementToProof\" style=\"font-family: Aptos, Aptos_EmbeddedFont, Aptos_MSFontService, Calibri, Helvetica, sans-serif; font-size: 12pt; color: #000000 !important;\">\u2002\u2002\u2002\u2002\u2002\u2002<b>&#8211; Arts Graphiques Option Signal\u00e9tique <\/b>(accessible apr\u00e8s un CAP Signal\u00e9tique et d\u00e9cors graphiques ou M\u00e9tiers de la gravure ou S\u00e9rigraphie industrielle).<\/div>\n<div class=\"x_elementToProof\" style=\"font-family: Aptos, Aptos_EmbeddedFont, Aptos_MSFontService, Calibri, Helvetica, sans-serif; font-size: 12pt; color: #000000 !important;\"><\/div>\n<div class=\"x_elementToProof\" style=\"font-family: Aptos, Aptos_EmbeddedFont, Aptos_MSFontService, Calibri, Helvetica, sans-serif; font-size: 12pt; color: #000000 !important;\">Afin de proposer votre candidature vous devez compl\u00e9ter le dossier de candidature ci-apr\u00e8s et r\u00e9diger une lettre de motivation.<\/div>\n<div class=\"x_elementToProof\" style=\"font-family: Aptos, Aptos_EmbeddedFont, Aptos_MSFontService, Calibri, Helvetica, sans-serif; font-size: 12pt; color: #000000 !important;\"><\/div>\n<div class=\"x_elementToProof\" style=\"font-family: Aptos, Aptos_EmbeddedFont, Aptos_MSFontService, Calibri, Helvetica, sans-serif; font-size: 12pt; color: #000000 !important;\">Les dossiers sont \u00e0 envoy\u00e9s <b><u>avant le 15 mai 2024<\/u><\/b>\u00a0(cachet de la poste faisant foi) \u00e0 l&rsquo;adresse suivante :\u00a0<\/div>\n<div class=\"x_elementToProof\" style=\"font-family: Aptos, Aptos_EmbeddedFont, Aptos_MSFontService, Calibri, Helvetica, sans-serif; font-size: 12pt; color: #000000 !important;\"><\/div>\n<div class=\"x_elementToProof\" style=\"text-align: center; font-family: Aptos, Aptos_EmbeddedFont, Aptos_MSFontService, Calibri, Helvetica, sans-serif; font-size: 12pt; color: #000000 !important;\"><b>Lyc\u00e9e Eug\u00e8ne H\u00e9naff<\/b><\/div>\n<div class=\"x_elementToProof\" style=\"text-align: center; font-family: Aptos, Aptos_EmbeddedFont, Aptos_MSFontService, Calibri, Helvetica, sans-serif; font-size: 12pt; color: #000000 !important;\"><b>\u00e0 l&rsquo;attention de la Commission d&rsquo;examen des dossier de candidature &#8211;\u00a0 BMA<\/b><\/div>\n<div class=\"x_elementToProof\" style=\"text-align: center; font-family: Aptos, Aptos_EmbeddedFont, Aptos_MSFontService, Calibri, Helvetica, sans-serif; font-size: 12pt; color: #000000 !important;\"><b>55 avenue Raspail\u00a0<\/b><\/div>\n<div class=\"x_elementToProof\" style=\"text-align: center; font-family: Aptos, Aptos_EmbeddedFont, Aptos_MSFontService, Calibri, Helvetica, sans-serif; font-size: 12pt; color: #000000 !important;\"><b>93170 Bagnolet<\/b><\/div>\n<div class=\"x_elementToProof\" style=\"font-family: Calibri, Arial, Helvetica, sans-serif; font-size: 12pt; color: #000000 !important;\"><\/div>\n<div class=\"x_elementToProof\" style=\"font-family: Calibri, Arial, Helvetica, sans-serif; font-size: 12pt; color: #000000 !important;\"><\/div>\n<div class=\"x_elementToProof\" style=\"font-family: Calibri, Arial, Helvetica, sans-serif; font-size: 12pt; color: #ed5c57 !important;\"><b>Attention : les dossiers arriv\u00e9s hors d\u00e9lais ou incomplets ne seront pas examin\u00e9s par les commissions.<\/b><\/div>\n<div class=\"x_elementToProof\" style=\"font-family: Calibri, Arial, Helvetica, sans-serif; font-size: 12pt; color: #000000 !important;\"><\/div>\n<div class=\"x_elementToProof\" style=\"font-family: Calibri, Arial, Helvetica, sans-serif; font-size: 12pt; color: #000000 !important;\">A partir du 28 mai les candidats ayant obtenu un avis \u00ab\u00a0admis\u00a0\u00bb et souhaitant confirmer leur candidature pourront le faire sur Affelnet-Lyc\u00e9e.<\/div>\n<div class=\"x_elementToProof\" style=\"font-family: Calibri, Arial, Helvetica, sans-serif; font-size: 12pt; color: #000000 !important;\"><\/div>\n<div class=\"x_elementToProof\" style=\"font-family: Calibri, Arial, Helvetica, sans-serif; font-size: 12pt; color: #000000 !important;\">Les notifications d&rsquo;affectation seront transmises aux \u00e9l\u00e8ves via les \u00e9tablissements d&rsquo;origine le <b>mercredi 26 juin.<\/b><\/div>[\/et_pb_text][\/et_pb_column][\/et_pb_row][\/et_pb_section][et_pb_section fb_built=\u00a0\u00bb1&Prime; _builder_version=\u00a0\u00bb4.25.0&Prime; _module_preset=\u00a0\u00bbdefault\u00a0\u00bb global_colors_info=\u00a0\u00bb{}\u00a0\u00bb][et_pb_row column_structure=\u00a0\u00bb1_2,1_2&Prime; _builder_version=\u00a0\u00bb4.25.0&Prime; _module_preset=\u00a0\u00bbdefault\u00a0\u00bb global_colors_info=\u00a0\u00bb{}\u00a0\u00bb][et_pb_column type=\u00a0\u00bb1_2&Prime; _builder_version=\u00a0\u00bb4.25.0&Prime; _module_preset=\u00a0\u00bbdefault\u00a0\u00bb global_colors_info=\u00a0\u00bb{}\u00a0\u00bb][et_pb_button button_url=\u00a0\u00bbhttps:\/\/www.lyceehenaff.fr\/wp-content\/uploads\/2024\/04\/11-2.-Lettre-de-motivation_Brevet-des-metiers-dart.pdf\u00a0\u00bb url_new_window=\u00a0\u00bbon\u00a0\u00bb button_text=\u00a0\u00bbLettre de motivation\u00a0\u00bb button_alignment=\u00a0\u00bbcenter\u00a0\u00bb _builder_version=\u00a0\u00bb4.25.0&Prime; _module_preset=\u00a0\u00bbdefault\u00a0\u00bb custom_button=\u00a0\u00bbon\u00a0\u00bb button_text_color=\u00a0\u00bb#000000&Prime; global_colors_info=\u00a0\u00bb{}\u00a0\u00bb][\/et_pb_button][\/et_pb_column][et_pb_column type=\u00a0\u00bb1_2&Prime; _builder_version=\u00a0\u00bb4.25.0&Prime; _module_preset=\u00a0\u00bbdefault\u00a0\u00bb global_colors_info=\u00a0\u00bb{}\u00a0\u00bb][et_pb_button button_url=\u00a0\u00bbhttps:\/\/www.lyceehenaff.fr\/wp-content\/uploads\/2024\/04\/11-1.-Dossier-Brevet-des-metiers-dart.pdf\u00a0\u00bb url_new_window=\u00a0\u00bbon\u00a0\u00bb button_text=\u00a0\u00bbDossier d&rsquo;inscription\u00a0\u00bb button_alignment=\u00a0\u00bbcenter\u00a0\u00bb _builder_version=\u00a0\u00bb4.25.0&Prime; _module_preset=\u00a0\u00bbdefault\u00a0\u00bb custom_button=\u00a0\u00bbon\u00a0\u00bb button_text_color=\u00a0\u00bb#000000&Prime; hover_enabled=\u00a0\u00bb0&Prime; global_colors_info=\u00a0\u00bb{}\u00a0\u00bb sticky_enabled=\u00a0\u00bb0&Prime;][\/et_pb_button][\/et_pb_column][\/et_pb_row][\/et_pb_section]\n","protected":false},"excerpt":{"rendered":"<p>Le brevet des m\u00e9tiers d&rsquo;art est un dipl\u00f4me national de la fili\u00e8re des m\u00e9tiers d&rsquo;art visant \u00e0 conserver et transmettre les techniques traditionnelles tout en favorisant l&rsquo;innovation. Il a pour vis\u00e9e l\u2019insertion professionnelle. Toutefois, une poursuite d\u2019\u00e9tudes peut \u00eatre envisag\u00e9e en dipl\u00f4me national des m\u00e9tiers d\u2019art et du design (DN MADE). Le lyc\u00e9e Eug\u00e8ne H\u00e9naff [&hellip;]<\/p>\n","protected":false},"author":2,"featured_media":0,"comment_status":"open","ping_status":"open","sticky":false,"template":"","format":"standard","meta":{"_et_pb_use_builder":"on","_et_pb_old_content":"","_et_gb_content_width":"","footnotes":""},"categories":[15],"tags":[],"class_list":["post-1392","post","type-post","status-publish","format-standard","hentry","category-espace-pedagogique"],"_links":{"self":[{"href":"https:\/\/www.lyceehenaff.fr\/index.php\/wp-json\/wp\/v2\/posts\/1392","targetHints":{"allow":["GET"]}}],"collection":[{"href":"https:\/\/www.lyceehenaff.fr\/index.php\/wp-json\/wp\/v2\/posts"}],"about":[{"href":"https:\/\/www.lyceehenaff.fr\/index.php\/wp-json\/wp\/v2\/types\/post"}],"author":[{"embeddable":true,"href":"https:\/\/www.lyceehenaff.fr\/index.php\/wp-json\/wp\/v2\/users\/2"}],"replies":[{"embeddable":true,"href":"https:\/\/www.lyceehenaff.fr\/index.php\/wp-json\/wp\/v2\/comments?post=1392"}],"version-history":[{"count":8,"href":"https:\/\/www.lyceehenaff.fr\/index.php\/wp-json\/wp\/v2\/posts\/1392\/revisions"}],"predecessor-version":[{"id":1402,"href":"https:\/\/www.lyceehenaff.fr\/index.php\/wp-json\/wp\/v2\/posts\/1392\/revisions\/1402"}],"wp:attachment":[{"href":"https:\/\/www.lyceehenaff.fr\/index.php\/wp-json\/wp\/v2\/media?parent=1392"}],"wp:term":[{"taxonomy":"category","embeddable":true,"href":"https:\/\/www.lyceehenaff.fr\/index.php\/wp-json\/wp\/v2\/categories?post=1392"},{"taxonomy":"post_tag","embeddable":true,"href":"https:\/\/www.lyceehenaff.fr\/index.php\/wp-json\/wp\/v2\/tags?post=1392"}],"curies":[{"name":"wp","href":"https:\/\/api.w.org\/{rel}","templated":true}]}}