{"id":1449,"date":"2024-05-22T15:45:50","date_gmt":"2024-05-22T13:45:50","guid":{"rendered":"https:\/\/www.lyceehenaff.fr\/?p=1449"},"modified":"2024-08-30T02:09:30","modified_gmt":"2024-08-30T00:09:30","slug":"les-2gtb-interview-maryam-madjidi-a-la-librairie-de-bagnolet","status":"publish","type":"post","link":"https:\/\/www.lyceehenaff.fr\/index.php\/2024\/05\/22\/les-2gtb-interview-maryam-madjidi-a-la-librairie-de-bagnolet\/","title":{"rendered":"Les 2GTB interviewent Maryam Madjidi \u00e0 la Librairie de Bagnolet"},"content":{"rendered":"<p>[et_pb_section fb_built=\u00a0\u00bb1&Prime; _builder_version=\u00a0\u00bb4.23.1&Prime; _module_preset=\u00a0\u00bbdefault\u00a0\u00bb min_height=\u00a0\u00bb956.3px\u00a0\u00bb global_colors_info=\u00a0\u00bb{}\u00a0\u00bb][et_pb_row _builder_version=\u00a0\u00bb4.23.1&Prime; _module_preset=\u00a0\u00bbdefault\u00a0\u00bb global_colors_info=\u00a0\u00bb{}\u00a0\u00bb][et_pb_column type=\u00a0\u00bb4_4&Prime; _builder_version=\u00a0\u00bb4.23.1&Prime; _module_preset=\u00a0\u00bbdefault\u00a0\u00bb global_colors_info=\u00a0\u00bb{}\u00a0\u00bb][et_pb_text _builder_version=\u00a0\u00bb4.25.1&Prime; _module_preset=\u00a0\u00bbdefault\u00a0\u00bb global_colors_info=\u00a0\u00bb{}\u00a0\u00bb]<\/p>\n<div class=\"x_elementToProof\">\n<div class=\"x_elementToProof\">\n<div dir=\"auto\">\n<p><strong>\u00ab Je ne consid\u00e8re pas qu\u2019\u00e9crire soit mon m\u00e9tier ; \u00e9crire, c\u2019est de la respiration, de l\u2019oxyg\u00e8ne \u00bb<\/strong><\/p>\n<p><strong>Les 2GTB interviewent Maryam Madjidi \u00e0 la Librairie de Bagnolet<\/strong><\/p>\n<p><strong>Les \u00e9l\u00e8ves de 2GTB se sont rendus lundi 13 mai \u00e0 la librairie de Beaux Lendemains pour rencontrer Maryam Madjidi, une autrice franco-iranienne.<\/strong><\/p>\n<p>Ils ont pu lui poser des questions sur \u00ab Marx et la poup\u00e9e \u00bb, un ouvrage autobiographique qu\u2019ils avaient lu avec <strong>Mme Quantin<\/strong> en cours de fran\u00e7ais et plus g\u00e9n\u00e9ralement sur l\u2019Iran dont la situation g\u00e9opolitique avait \u00e9t\u00e9 travaill\u00e9e en cours d\u2019histoire avec leur professeure <strong>Mme Martine<\/strong>.<\/p>\n<p>Nous avons pu remettre \u00e0 l\u2019auteure un livret avec les travaux dessin\u00e9s de nos \u00e9l\u00e8ves regroup\u00e9s en un ab\u00e9c\u00e9daire. Chacun a choisi un mot-cl\u00e9 qu\u2019il a illustr\u00e9 pour mettre en avant ce qui l\u2019avait marqu\u00e9 dans l\u2019ouvrage.<\/p>\n<p>Un grand merci \u00e0 <strong>Rosalie Abirached<\/strong> pour son accueil \u00e0 la librairie, c\u2019est pr\u00e9cieux d\u2019avoir une professionnelle toujours enthousiaste \u00e0 l\u2019id\u00e9e de travailler avec les lyc\u00e9ens et source de propositions pour partager le go\u00fbt de lire.<\/p>\n<p>Cette rencontre a eu lieu dans le cadre de la quinzaine des libraires et n\u2019aurait pas \u00e9t\u00e9 possible sans Annabelle Alain, pilote de ce projet financ\u00e9 par la r\u00e9gion Ile de France. A la fin de la rencontre, un ch\u00e8que lire de 18 euros leur a \u00e9t\u00e9 remis et les \u00e9l\u00e8ves ont choisi avec grand soin des romans ou livres documentaires.<\/p>\n<p><strong>Mme Quantin et Mme Tranchevent<\/strong> tiennent \u00e0 souligner la qualit\u00e9 d\u2019\u00e9coute des \u00e9l\u00e8ves et la pertinence de leurs questions<\/p>\n<\/div>\n<\/div>\n<\/div>\n<p>[\/et_pb_text][et_pb_button button_text=\u00a0\u00bbAb\u00e9c\u00e9daire Marx et la poup\u00e9e\u00a0\u00bb _builder_version=\u00a0\u00bb4.25.1&Prime; _module_preset=\u00a0\u00bbdefault\u00a0\u00bb global_colors_info=\u00a0\u00bb{}\u00a0\u00bb url_new_window=\u00a0\u00bbon\u00a0\u00bb button_url=\u00a0\u00bbhttps:\/\/www.lyceehenaff.fr\/wp-content\/uploads\/2024\/05\/Abecedaire-Marx-et-la-Poupee_compressed-1.pdf\u00a0\u00bb sticky_enabled=\u00a0\u00bb0&Prime; button_alignment=\u00a0\u00bbcenter\u00a0\u00bb custom_button=\u00a0\u00bbon\u00a0\u00bb button_text_color=\u00a0\u00bb#000000&Prime; custom_padding=\u00a0\u00bb7px|||||\u00a0\u00bb][\/et_pb_button][\/et_pb_column][\/et_pb_row][et_pb_row _builder_version=\u00a0\u00bb4.25.1&Prime; _module_preset=\u00a0\u00bbdefault\u00a0\u00bb global_colors_info=\u00a0\u00bb{}\u00a0\u00bb][et_pb_column type=\u00a0\u00bb4_4&Prime; _builder_version=\u00a0\u00bb4.23.1&Prime; _module_preset=\u00a0\u00bbdefault\u00a0\u00bb global_colors_info=\u00a0\u00bb{}\u00a0\u00bb][et_pb_gallery gallery_ids=\u00a0\u00bb1451&Prime; fullwidth=\u00a0\u00bbon\u00a0\u00bb _builder_version=\u00a0\u00bb4.25.1&Prime; _module_preset=\u00a0\u00bbdefault\u00a0\u00bb pagination_text_color=\u00a0\u00bb#000000&Prime; animation_style=\u00a0\u00bbfade\u00a0\u00bb auto=\u00a0\u00bbon\u00a0\u00bb enable_grid_motion=\u00a0\u00bbon\u00a0\u00bb border_radii=\u00a0\u00bbon|10px|10px|10px|10px\u00a0\u00bb global_colors_info=\u00a0\u00bb{}\u00a0\u00bb][\/et_pb_gallery][\/et_pb_column][\/et_pb_row][\/et_pb_section]<\/p>\n","protected":false},"excerpt":{"rendered":"<p>\u00ab Je ne consid\u00e8re pas qu\u2019\u00e9crire soit mon m\u00e9tier ; \u00e9crire, c\u2019est de la respiration, de l\u2019oxyg\u00e8ne \u00bb Les 2GTB interviewent Maryam Madjidi \u00e0 la Librairie de Bagnolet Les \u00e9l\u00e8ves de 2GTB se sont rendus lundi 13 mai \u00e0 la librairie de Beaux Lendemains pour rencontrer Maryam Madjidi, une autrice franco-iranienne. Ils ont pu lui [&hellip;]<\/p>\n","protected":false},"author":2,"featured_media":0,"comment_status":"open","ping_status":"open","sticky":false,"template":"","format":"standard","meta":{"_et_pb_use_builder":"on","_et_pb_old_content":"","_et_gb_content_width":"","footnotes":""},"categories":[15],"tags":[],"class_list":["post-1449","post","type-post","status-publish","format-standard","hentry","category-espace-pedagogique"],"_links":{"self":[{"href":"https:\/\/www.lyceehenaff.fr\/index.php\/wp-json\/wp\/v2\/posts\/1449","targetHints":{"allow":["GET"]}}],"collection":[{"href":"https:\/\/www.lyceehenaff.fr\/index.php\/wp-json\/wp\/v2\/posts"}],"about":[{"href":"https:\/\/www.lyceehenaff.fr\/index.php\/wp-json\/wp\/v2\/types\/post"}],"author":[{"embeddable":true,"href":"https:\/\/www.lyceehenaff.fr\/index.php\/wp-json\/wp\/v2\/users\/2"}],"replies":[{"embeddable":true,"href":"https:\/\/www.lyceehenaff.fr\/index.php\/wp-json\/wp\/v2\/comments?post=1449"}],"version-history":[{"count":6,"href":"https:\/\/www.lyceehenaff.fr\/index.php\/wp-json\/wp\/v2\/posts\/1449\/revisions"}],"predecessor-version":[{"id":1470,"href":"https:\/\/www.lyceehenaff.fr\/index.php\/wp-json\/wp\/v2\/posts\/1449\/revisions\/1470"}],"wp:attachment":[{"href":"https:\/\/www.lyceehenaff.fr\/index.php\/wp-json\/wp\/v2\/media?parent=1449"}],"wp:term":[{"taxonomy":"category","embeddable":true,"href":"https:\/\/www.lyceehenaff.fr\/index.php\/wp-json\/wp\/v2\/categories?post=1449"},{"taxonomy":"post_tag","embeddable":true,"href":"https:\/\/www.lyceehenaff.fr\/index.php\/wp-json\/wp\/v2\/tags?post=1449"}],"curies":[{"name":"wp","href":"https:\/\/api.w.org\/{rel}","templated":true}]}}