{"id":1488,"date":"2024-06-21T12:56:48","date_gmt":"2024-06-21T10:56:48","guid":{"rendered":"https:\/\/www.lyceehenaff.fr\/?p=1488"},"modified":"2024-08-30T02:09:12","modified_gmt":"2024-08-30T00:09:12","slug":"tout-est-pret-pour-accueillir-les-maternelles","status":"publish","type":"post","link":"https:\/\/www.lyceehenaff.fr\/index.php\/2024\/06\/21\/tout-est-pret-pour-accueillir-les-maternelles\/","title":{"rendered":"Tout est pr\u00eat pour accueillir les maternelles !"},"content":{"rendered":"<p>[et_pb_section fb_built=\u00a0\u00bb1&Prime; _builder_version=\u00a0\u00bb4.23.1&Prime; _module_preset=\u00a0\u00bbdefault\u00a0\u00bb min_height=\u00a0\u00bb956.3px\u00a0\u00bb global_colors_info=\u00a0\u00bb{}\u00a0\u00bb theme_builder_area=\u00a0\u00bbpost_content\u00a0\u00bb][et_pb_row _builder_version=\u00a0\u00bb4.23.1&Prime; _module_preset=\u00a0\u00bbdefault\u00a0\u00bb global_colors_info=\u00a0\u00bb{}\u00a0\u00bb theme_builder_area=\u00a0\u00bbpost_content\u00a0\u00bb][et_pb_column type=\u00a0\u00bb4_4&Prime; _builder_version=\u00a0\u00bb4.23.1&Prime; _module_preset=\u00a0\u00bbdefault\u00a0\u00bb global_colors_info=\u00a0\u00bb{}\u00a0\u00bb theme_builder_area=\u00a0\u00bbpost_content\u00a0\u00bb][et_pb_text _builder_version=\u00a0\u00bb4.25.2&Prime; _module_preset=\u00a0\u00bbdefault\u00a0\u00bb hover_enabled=\u00a0\u00bb0&Prime; global_colors_info=\u00a0\u00bb{}\u00a0\u00bb theme_builder_area=\u00a0\u00bbpost_content\u00a0\u00bb sticky_enabled=\u00a0\u00bb0&Prime;]<\/p>\n<div class=\"x_elementToProof\">\n<div class=\"x_elementToProof\">\n<div dir=\"auto\">\n<div dir=\"auto\">Avec <strong>Mme Besson<\/strong>, coordinatrice REP et r\u00e9f\u00e9rente EDD de Bagnolet, le potager d&rsquo;H\u00e9naff s&rsquo;est pr\u00e9par\u00e9 aujourd&rsquo;hui pour recevoir deux classes de maternelle. D\u00e9couverte de plantes aromatiques et m\u00e9dicinales, de plantes du potager et de engrais verts !<\/div>\n<div dir=\"auto\">Malheureusement la pluie nous a emp\u00each\u00e9 la visite, mais elle aura lieu la semaine prochaine quand le soleil sera au rdv <img decoding=\"async\" src=\"https:\/\/www.lyceehenaff.fr\/wp-content\/themes\/Divi\/includes\/builder\/frontend-builder\/assets\/vendors\/plugins\/emoticons\/img\/smiley-smile.gif\" alt=\"smile\" \/><\/div>\n<\/div>\n<\/div>\n<\/div>\n<p>[\/et_pb_text][\/et_pb_column][\/et_pb_row][et_pb_row _builder_version=\u00a0\u00bb4.25.1&Prime; _module_preset=\u00a0\u00bbdefault\u00a0\u00bb global_colors_info=\u00a0\u00bb{}\u00a0\u00bb theme_builder_area=\u00a0\u00bbpost_content\u00a0\u00bb][et_pb_column type=\u00a0\u00bb4_4&Prime; _builder_version=\u00a0\u00bb4.23.1&Prime; _module_preset=\u00a0\u00bbdefault\u00a0\u00bb global_colors_info=\u00a0\u00bb{}\u00a0\u00bb theme_builder_area=\u00a0\u00bbpost_content\u00a0\u00bb][et_pb_gallery gallery_ids=\u00a0\u00bb1491,1492,1493,1494,1495,1496,1497,1498,1499,1500,1501,1502,1503&Prime; fullwidth=\u00a0\u00bbon\u00a0\u00bb _builder_version=\u00a0\u00bb4.25.2&Prime; _module_preset=\u00a0\u00bbdefault\u00a0\u00bb pagination_text_color=\u00a0\u00bb#000000&Prime; animation_style=\u00a0\u00bbfade\u00a0\u00bb auto=\u00a0\u00bbon\u00a0\u00bb enable_grid_motion=\u00a0\u00bbon\u00a0\u00bb hover_enabled=\u00a0\u00bb0&Prime; border_radii=\u00a0\u00bbon|10px|10px|10px|10px\u00a0\u00bb global_colors_info=\u00a0\u00bb{}\u00a0\u00bb theme_builder_area=\u00a0\u00bbpost_content\u00a0\u00bb sticky_enabled=\u00a0\u00bb0&Prime;][\/et_pb_gallery][\/et_pb_column][\/et_pb_row][\/et_pb_section]<\/p>\n","protected":false},"excerpt":{"rendered":"<p>Avec Mme Besson, coordinatrice REP et r\u00e9f\u00e9rente EDD de Bagnolet, le potager d&rsquo;H\u00e9naff s&rsquo;est pr\u00e9par\u00e9 aujourd&rsquo;hui pour recevoir deux classes de maternelle. D\u00e9couverte de plantes aromatiques et m\u00e9dicinales, de plantes du potager et de engrais verts ! Malheureusement la pluie nous a emp\u00each\u00e9 la visite, mais elle aura lieu la semaine prochaine quand le soleil [&hellip;]<\/p>\n","protected":false},"author":2,"featured_media":0,"comment_status":"open","ping_status":"open","sticky":false,"template":"","format":"standard","meta":{"_et_pb_use_builder":"on","_et_pb_old_content":"","_et_gb_content_width":"","footnotes":""},"categories":[19],"tags":[],"class_list":["post-1488","post","type-post","status-publish","format-standard","hentry","category-potager"],"_links":{"self":[{"href":"https:\/\/www.lyceehenaff.fr\/index.php\/wp-json\/wp\/v2\/posts\/1488","targetHints":{"allow":["GET"]}}],"collection":[{"href":"https:\/\/www.lyceehenaff.fr\/index.php\/wp-json\/wp\/v2\/posts"}],"about":[{"href":"https:\/\/www.lyceehenaff.fr\/index.php\/wp-json\/wp\/v2\/types\/post"}],"author":[{"embeddable":true,"href":"https:\/\/www.lyceehenaff.fr\/index.php\/wp-json\/wp\/v2\/users\/2"}],"replies":[{"embeddable":true,"href":"https:\/\/www.lyceehenaff.fr\/index.php\/wp-json\/wp\/v2\/comments?post=1488"}],"version-history":[{"count":3,"href":"https:\/\/www.lyceehenaff.fr\/index.php\/wp-json\/wp\/v2\/posts\/1488\/revisions"}],"predecessor-version":[{"id":1505,"href":"https:\/\/www.lyceehenaff.fr\/index.php\/wp-json\/wp\/v2\/posts\/1488\/revisions\/1505"}],"wp:attachment":[{"href":"https:\/\/www.lyceehenaff.fr\/index.php\/wp-json\/wp\/v2\/media?parent=1488"}],"wp:term":[{"taxonomy":"category","embeddable":true,"href":"https:\/\/www.lyceehenaff.fr\/index.php\/wp-json\/wp\/v2\/categories?post=1488"},{"taxonomy":"post_tag","embeddable":true,"href":"https:\/\/www.lyceehenaff.fr\/index.php\/wp-json\/wp\/v2\/tags?post=1488"}],"curies":[{"name":"wp","href":"https:\/\/api.w.org\/{rel}","templated":true}]}}