{"id":2138,"date":"2025-04-28T08:33:24","date_gmt":"2025-04-28T06:33:24","guid":{"rendered":"https:\/\/www.lyceehenaff.fr\/?p=2138"},"modified":"2025-06-17T14:32:44","modified_gmt":"2025-06-17T12:32:44","slug":"participation-de-la-section-ebenisterie-a-la-biennale-emergences","status":"publish","type":"post","link":"https:\/\/www.lyceehenaff.fr\/index.php\/2025\/04\/28\/participation-de-la-section-ebenisterie-a-la-biennale-emergences\/","title":{"rendered":"Participation de la section \u00e9b\u00e9nisterie \u00e0 la biennale \u00c9mergences"},"content":{"rendered":"<p>[et_pb_section fb_built=\u00a0\u00bb1&Prime; _builder_version=\u00a0\u00bb4.23.1&Prime; _module_preset=\u00a0\u00bbdefault\u00a0\u00bb min_height=\u00a0\u00bb956.3px\u00a0\u00bb global_colors_info=\u00a0\u00bb{}\u00a0\u00bb][et_pb_row _builder_version=\u00a0\u00bb4.27.4&Prime; _module_preset=\u00a0\u00bbdefault\u00a0\u00bb global_colors_info=\u00a0\u00bb{}\u00a0\u00bb][et_pb_column type=\u00a0\u00bb4_4&Prime; _builder_version=\u00a0\u00bb4.23.1&Prime; _module_preset=\u00a0\u00bbdefault\u00a0\u00bb global_colors_info=\u00a0\u00bb{}\u00a0\u00bb][et_pb_text _builder_version=\u00a0\u00bb4.27.4&Prime; _module_preset=\u00a0\u00bbdefault\u00a0\u00bb hover_enabled=\u00a0\u00bb0&Prime; global_colors_info=\u00a0\u00bb{}\u00a0\u00bb sticky_enabled=\u00a0\u00bb0&Prime;]<\/p>\n<div style=\"direction: ltr; text-align: left; text-indent: 0px; margin: 0px; font-family: Aptos, Aptos_EmbeddedFont, Aptos_MSFontService, Calibri, Helvetica, sans-serif, serif, EmojiFont; font-size: 12pt; color: #000000 !important;\" class=\"x_elementToProof\">\n<div dir=\"ltr\" data-olk-copy-source=\"MessageBody\">\n<div dir=\"ltr\" data-olk-copy-source=\"MessageBody\">La<strong> section \u00e9b\u00e9nisterie du lyc\u00e9e Eug\u00e8ne H\u00e9naff<\/strong> a particip\u00e9, entre le 9 et le 11 avril, \u00e0 la biennale du design et des m\u00e9tiers d&rsquo;arts, <a href=\"https:\/\/www.emergences-biennale.fr\/\" target=\"_blank\" rel=\"noopener\"><strong>\u00c9mergences<\/strong><\/a>.<\/div>\n<div dir=\"ltr\" data-olk-copy-source=\"MessageBody\">Un \u00e9v\u00e9nement organis\u00e9 par Est Ensemble, qui repr\u00e9sente un rendez-vous de tous les acteurs du design et des m\u00e9tiers d&rsquo;arts du territoire et qui se d\u00e9roule au Centre National de la Danse \u00e0 Pantin.<\/div>\n<div dir=\"ltr\">Les \u00e9l\u00e8ves des classes <strong>1BMA EB et TBMA EB<\/strong> ont anim\u00e9, avec leurs enseignants, des ateliers de d\u00e9couverte de la marqueterie de paille et du placage.<\/div>\n<div dir=\"ltr\">Les \u00e9l\u00e8ves de la section \u00e9b\u00e9nisterie ont partag\u00e9 leur savoir-faire avec un public tr\u00e8s vari\u00e9 : des \u00e9coliers, des coll\u00e9giens, des lyc\u00e9ens et un groupe d&rsquo;\u00e9tudiants en arts appliqu\u00e9s.<\/div>\n<\/div>\n<\/div>\n<p>[\/et_pb_text][\/et_pb_column][\/et_pb_row][et_pb_row _builder_version=\u00a0\u00bb4.25.1&Prime; _module_preset=\u00a0\u00bbdefault\u00a0\u00bb global_colors_info=\u00a0\u00bb{}\u00a0\u00bb][et_pb_column type=\u00a0\u00bb4_4&Prime; _builder_version=\u00a0\u00bb4.23.1&Prime; _module_preset=\u00a0\u00bbdefault\u00a0\u00bb global_colors_info=\u00a0\u00bb{}\u00a0\u00bb][et_pb_gallery gallery_ids=\u00a0\u00bb2143,2144,2145,2146,2147,2148,2149,2150,2151,2152&Prime; fullwidth=\u00a0\u00bbon\u00a0\u00bb _builder_version=\u00a0\u00bb4.27.4&Prime; _module_preset=\u00a0\u00bbdefault\u00a0\u00bb pagination_text_color=\u00a0\u00bb#000000&Prime; animation_style=\u00a0\u00bbfade\u00a0\u00bb animation_delay=\u00a0\u00bb100ms\u00a0\u00bb auto=\u00a0\u00bbon\u00a0\u00bb enable_grid_motion=\u00a0\u00bbon\u00a0\u00bb border_radii=\u00a0\u00bbon|10px|10px|10px|10px\u00a0\u00bb global_colors_info=\u00a0\u00bb{}\u00a0\u00bb][\/et_pb_gallery][\/et_pb_column][\/et_pb_row][\/et_pb_section]<\/p>\n","protected":false},"excerpt":{"rendered":"<p>La section \u00e9b\u00e9nisterie du lyc\u00e9e Eug\u00e8ne H\u00e9naff a particip\u00e9, entre le 9 et le 11 avril, \u00e0 la biennale du design et des m\u00e9tiers d&rsquo;arts, \u00c9mergences. Un \u00e9v\u00e9nement organis\u00e9 par Est Ensemble, qui repr\u00e9sente un rendez-vous de tous les acteurs du design et des m\u00e9tiers d&rsquo;arts du territoire et qui se d\u00e9roule au Centre National [&hellip;]<\/p>\n","protected":false},"author":2,"featured_media":0,"comment_status":"closed","ping_status":"closed","sticky":false,"template":"","format":"standard","meta":{"_et_pb_use_builder":"on","_et_pb_old_content":"","_et_gb_content_width":"","footnotes":""},"categories":[20],"tags":[],"class_list":["post-2138","post","type-post","status-publish","format-standard","hentry","category-espace-pedagogique-2024-2024"],"_links":{"self":[{"href":"https:\/\/www.lyceehenaff.fr\/index.php\/wp-json\/wp\/v2\/posts\/2138","targetHints":{"allow":["GET"]}}],"collection":[{"href":"https:\/\/www.lyceehenaff.fr\/index.php\/wp-json\/wp\/v2\/posts"}],"about":[{"href":"https:\/\/www.lyceehenaff.fr\/index.php\/wp-json\/wp\/v2\/types\/post"}],"author":[{"embeddable":true,"href":"https:\/\/www.lyceehenaff.fr\/index.php\/wp-json\/wp\/v2\/users\/2"}],"replies":[{"embeddable":true,"href":"https:\/\/www.lyceehenaff.fr\/index.php\/wp-json\/wp\/v2\/comments?post=2138"}],"version-history":[{"count":5,"href":"https:\/\/www.lyceehenaff.fr\/index.php\/wp-json\/wp\/v2\/posts\/2138\/revisions"}],"predecessor-version":[{"id":2155,"href":"https:\/\/www.lyceehenaff.fr\/index.php\/wp-json\/wp\/v2\/posts\/2138\/revisions\/2155"}],"wp:attachment":[{"href":"https:\/\/www.lyceehenaff.fr\/index.php\/wp-json\/wp\/v2\/media?parent=2138"}],"wp:term":[{"taxonomy":"category","embeddable":true,"href":"https:\/\/www.lyceehenaff.fr\/index.php\/wp-json\/wp\/v2\/categories?post=2138"},{"taxonomy":"post_tag","embeddable":true,"href":"https:\/\/www.lyceehenaff.fr\/index.php\/wp-json\/wp\/v2\/tags?post=2138"}],"curies":[{"name":"wp","href":"https:\/\/api.w.org\/{rel}","templated":true}]}}