{"id":2227,"date":"2025-06-17T14:26:23","date_gmt":"2025-06-17T12:26:23","guid":{"rendered":"https:\/\/www.lyceehenaff.fr\/?p=2227"},"modified":"2025-09-05T09:46:09","modified_gmt":"2025-09-05T07:46:09","slug":"cahier-de-vacances-mathematiques","status":"publish","type":"post","link":"https:\/\/www.lyceehenaff.fr\/index.php\/2025\/06\/17\/cahier-de-vacances-mathematiques\/","title":{"rendered":"Cahier de vacances Math\u00e9matiques"},"content":{"rendered":"<p>[et_pb_section fb_built=\u00a0\u00bb1&Prime; _builder_version=\u00a0\u00bb4.23.1&Prime; _module_preset=\u00a0\u00bbdefault\u00a0\u00bb min_height=\u00a0\u00bb956.3px\u00a0\u00bb custom_padding=\u00a0\u00bb||0px|||\u00a0\u00bb global_colors_info=\u00a0\u00bb{}\u00a0\u00bb][et_pb_row _builder_version=\u00a0\u00bb4.23.1&Prime; _module_preset=\u00a0\u00bbdefault\u00a0\u00bb global_colors_info=\u00a0\u00bb{}\u00a0\u00bb][et_pb_column type=\u00a0\u00bb4_4&Prime; _builder_version=\u00a0\u00bb4.23.1&Prime; _module_preset=\u00a0\u00bbdefault\u00a0\u00bb global_colors_info=\u00a0\u00bb{}\u00a0\u00bb][et_pb_text _builder_version=\u00a0\u00bb4.27.4&Prime; _module_preset=\u00a0\u00bbdefault\u00a0\u00bb hover_enabled=\u00a0\u00bb0&Prime; global_colors_info=\u00a0\u00bb{}\u00a0\u00bb sticky_enabled=\u00a0\u00bb0&Prime;]<\/p>\n<div class=\"x_elementToProof\">\n<div style=\"direction: ltr; font-family: Aptos,Aptos_EmbeddedFont,Aptos_MSFontService,Calibri,Helvetica,sans-serif; font-size: 12pt; color: black;\" class=\"x_elementToProof\" data-olk-copy-source=\"MessageBody\"><span data-olk-copy-source=\"MessageBody\">Pour les \u00e9l\u00e8ves entrants en seconde, premi\u00e8re, terminale et Term Maths compl\u00e9mentaires, vous trouverez ici un cahier de vacances de math\u00e9matiques afin de ne pas perdre la main et vous pr\u00e9parer au mieux \u00e0 la rentr\u00e9e prochaine&#8230;<\/span><\/div>\n<div style=\"direction: ltr; font-family: Aptos,Aptos_EmbeddedFont,Aptos_MSFontService,Calibri,Helvetica,sans-serif; font-size: 12pt; color: black;\" class=\"x_elementToProof\" data-olk-copy-source=\"MessageBody\"><\/div>\n<div style=\"direction: ltr; font-family: Aptos,Aptos_EmbeddedFont,Aptos_MSFontService,Calibri,Helvetica,sans-serif; font-size: 12pt; color: black;\" class=\"x_elementToProof\" data-olk-copy-source=\"MessageBody\"><a href=\"https:\/\/www.maths-et-tiques.fr\/index.php\/cours-maths\/les30\" target=\"_blank\" rel=\"noopener\"><strong>Le cahier de vacances est ici&#8230;<\/strong><\/a><\/div>\n<\/div>\n<p>[\/et_pb_text][\/et_pb_column][\/et_pb_row][\/et_pb_section]<\/p>\n","protected":false},"excerpt":{"rendered":"<p>Pour les \u00e9l\u00e8ves entrants en seconde, premi\u00e8re, terminale et Term Maths compl\u00e9mentaires, vous trouverez ici un cahier de vacances de math\u00e9matiques afin de ne pas perdre la main et vous pr\u00e9parer au mieux \u00e0 la rentr\u00e9e prochaine&#8230; Le cahier de vacances est ici&#8230;<\/p>\n","protected":false},"author":2,"featured_media":0,"comment_status":"closed","ping_status":"closed","sticky":false,"template":"","format":"standard","meta":{"_et_pb_use_builder":"on","_et_pb_old_content":"","_et_gb_content_width":"","footnotes":""},"categories":[1],"tags":[],"class_list":["post-2227","post","type-post","status-publish","format-standard","hentry","category-non-classe"],"_links":{"self":[{"href":"https:\/\/www.lyceehenaff.fr\/index.php\/wp-json\/wp\/v2\/posts\/2227","targetHints":{"allow":["GET"]}}],"collection":[{"href":"https:\/\/www.lyceehenaff.fr\/index.php\/wp-json\/wp\/v2\/posts"}],"about":[{"href":"https:\/\/www.lyceehenaff.fr\/index.php\/wp-json\/wp\/v2\/types\/post"}],"author":[{"embeddable":true,"href":"https:\/\/www.lyceehenaff.fr\/index.php\/wp-json\/wp\/v2\/users\/2"}],"replies":[{"embeddable":true,"href":"https:\/\/www.lyceehenaff.fr\/index.php\/wp-json\/wp\/v2\/comments?post=2227"}],"version-history":[{"count":4,"href":"https:\/\/www.lyceehenaff.fr\/index.php\/wp-json\/wp\/v2\/posts\/2227\/revisions"}],"predecessor-version":[{"id":2231,"href":"https:\/\/www.lyceehenaff.fr\/index.php\/wp-json\/wp\/v2\/posts\/2227\/revisions\/2231"}],"wp:attachment":[{"href":"https:\/\/www.lyceehenaff.fr\/index.php\/wp-json\/wp\/v2\/media?parent=2227"}],"wp:term":[{"taxonomy":"category","embeddable":true,"href":"https:\/\/www.lyceehenaff.fr\/index.php\/wp-json\/wp\/v2\/categories?post=2227"},{"taxonomy":"post_tag","embeddable":true,"href":"https:\/\/www.lyceehenaff.fr\/index.php\/wp-json\/wp\/v2\/tags?post=2227"}],"curies":[{"name":"wp","href":"https:\/\/api.w.org\/{rel}","templated":true}]}}