{"id":2524,"date":"2025-12-09T14:07:35","date_gmt":"2025-12-09T13:07:35","guid":{"rendered":"https:\/\/www.lyceehenaff.fr\/?p=2524"},"modified":"2026-03-13T13:31:29","modified_gmt":"2026-03-13T12:31:29","slug":"construction-de-lautel-des-morts-altar-de-muertos","status":"publish","type":"post","link":"https:\/\/www.lyceehenaff.fr\/index.php\/2025\/12\/09\/construction-de-lautel-des-morts-altar-de-muertos\/","title":{"rendered":"Construction de l\u2019autel des morts (Altar de Muertos)"},"content":{"rendered":"<p>[et_pb_section fb_built=\u00a0\u00bb1&Prime; _builder_version=\u00a0\u00bb4.23.1&Prime; _module_preset=\u00a0\u00bbdefault\u00a0\u00bb min_height=\u00a0\u00bb956.3px\u00a0\u00bb global_colors_info=\u00a0\u00bb{}\u00a0\u00bb][et_pb_row _builder_version=\u00a0\u00bb4.27.4&Prime; _module_preset=\u00a0\u00bbdefault\u00a0\u00bb custom_padding=\u00a0\u00bb0px|||||\u00a0\u00bb global_colors_info=\u00a0\u00bb{}\u00a0\u00bb][et_pb_column type=\u00a0\u00bb4_4&Prime; _builder_version=\u00a0\u00bb4.23.1&Prime; _module_preset=\u00a0\u00bbdefault\u00a0\u00bb global_colors_info=\u00a0\u00bb{}\u00a0\u00bb][et_pb_text _builder_version=\u00a0\u00bb4.27.4&Prime; _module_preset=\u00a0\u00bbdefault\u00a0\u00bb global_colors_info=\u00a0\u00bb{}\u00a0\u00bb]<\/p>\n<div style=\"direction: ltr; text-align: left; text-indent: 0px; margin: 0px; font-family: Aptos, Aptos_EmbeddedFont, Aptos_MSFontService, Calibri, Helvetica, sans-serif, serif, EmojiFont; font-size: 12pt; color: #000000 !important;\" class=\"x_elementToProof\">\n<div style=\"direction: ltr; margin-top: 1em; margin-bottom: 1em; font-family: Arial,Helvetica,sans-serif; font-size: 12pt; color: #000000;\" data-olk-copy-source=\"MessageBody\">\n<div style=\"font-family: Aptos, Aptos_EmbeddedFont, Aptos_MSFontService, Calibri, Helvetica, sans-serif; font-size: 12pt; color: #000000 !important;\" class=\"x_elementToProof\" data-olk-copy-source=\"MessageBody\">Avec les classes de <strong>2GTB, 2GTG, 2GTF, 1A, 1STI2D et TF<\/strong>, nous avons travaill\u00e9 plusieurs th\u00e8mes du programme \u2014 le pass\u00e9 dans le pr\u00e9sent, l\u2019art et le pouvoir, ainsi que l\u2019espace public et priv\u00e9 \u2014 en les reliant aux traditions mexicaines.<\/div>\n<div style=\"font-family: Aptos, Aptos_EmbeddedFont, Aptos_MSFontService, Calibri, Helvetica, sans-serif; font-size: 12pt; color: #000000 !important;\" class=\"x_elementToProof\"><\/div>\n<div style=\"font-family: Aptos, Aptos_EmbeddedFont, Aptos_MSFontService, Calibri, Helvetica, sans-serif; font-size: 12pt; color: #000000 !important;\" class=\"x_elementToProof\">Cette approche culturelle a permis d\u2019introduire les \u00e9l\u00e8ves \u00e0 une dimension vivante et symbolique de la langue, tout en stimulant leur curiosit\u00e9 et leur motivation pour apprendre l\u2019espagnol.<\/div>\n<div style=\"font-family: Aptos, Aptos_EmbeddedFont, Aptos_MSFontService, Calibri, Helvetica, sans-serif; font-size: 12pt; color: #000000 !important;\" class=\"x_elementToProof\"><\/div>\n<div style=\"font-family: Aptos, Aptos_EmbeddedFont, Aptos_MSFontService, Calibri, Helvetica, sans-serif; font-size: 12pt; color: #000000 !important;\" class=\"x_elementToProof\">Chaque groupe a \u00e9t\u00e9 responsable d\u2019une t\u00e2che particuli\u00e8re : cr\u00e9ation et d\u00e9coration de l\u2019autel, pr\u00e9sentation des \u00e9l\u00e9ments et de leur signification, ainsi qu\u2019un travail de cr\u00e9ation litt\u00e9raire inspir\u00e9 de la tradition.<\/div>\n<div style=\"font-family: Aptos, Aptos_EmbeddedFont, Aptos_MSFontService, Calibri, Helvetica, sans-serif; font-size: 12pt; color: #000000 !important;\" class=\"x_elementToProof\"><\/div>\n<div style=\"font-family: Aptos, Aptos_EmbeddedFont, Aptos_MSFontService, Calibri, Helvetica, sans-serif; font-size: 12pt; color: #000000 !important;\" class=\"x_elementToProof\">La f\u00eate de<strong> D\u00eda de Muertos<\/strong> est une tradition mexicaine qui rend hommage aux \u00eatres chers disparus en c\u00e9l\u00e9brant leur m\u00e9moire avec joie plut\u00f4t qu\u2019avec tristesse. L\u2019autel de muertos, install\u00e9 dans les maisons ou les espaces publics, est d\u00e9cor\u00e9 d\u2019\u00e9l\u00e9ments symboliques comme les fleurs de cempas\u00fachil, les photos, les bougies, la nourriture et les objets personnels des d\u00e9funts. Chaque composant repr\u00e9sente un lien entre le monde des vivants et celui des anc\u00eatres, invitant leurs \u00e2mes \u00e0 revenir partager un moment de convivialit\u00e9. C\u2019est une c\u00e9l\u00e9bration o\u00f9 se m\u00ealent culture, spiritualit\u00e9 et expression artistique.<\/div>\n<\/div>\n<\/div>\n<p>[\/et_pb_text][\/et_pb_column][\/et_pb_row][et_pb_row _builder_version=\u00a0\u00bb4.25.1&Prime; _module_preset=\u00a0\u00bbdefault\u00a0\u00bb global_colors_info=\u00a0\u00bb{}\u00a0\u00bb][et_pb_column type=\u00a0\u00bb4_4&Prime; _builder_version=\u00a0\u00bb4.23.1&Prime; _module_preset=\u00a0\u00bbdefault\u00a0\u00bb global_colors_info=\u00a0\u00bb{}\u00a0\u00bb][et_pb_gallery gallery_ids=\u00a0\u00bb2530,2531,2532,2533,2534&Prime; fullwidth=\u00a0\u00bbon\u00a0\u00bb _builder_version=\u00a0\u00bb4.27.4&Prime; _module_preset=\u00a0\u00bbdefault\u00a0\u00bb pagination_text_color=\u00a0\u00bb#000000&Prime; animation_style=\u00a0\u00bbfade\u00a0\u00bb animation_delay=\u00a0\u00bb100ms\u00a0\u00bb auto=\u00a0\u00bbon\u00a0\u00bb enable_grid_motion=\u00a0\u00bbon\u00a0\u00bb hover_enabled=\u00a0\u00bb0&Prime; border_radii=\u00a0\u00bbon|10px|10px|10px|10px\u00a0\u00bb global_colors_info=\u00a0\u00bb{}\u00a0\u00bb sticky_enabled=\u00a0\u00bb0&Prime;][\/et_pb_gallery][\/et_pb_column][\/et_pb_row][\/et_pb_section]<\/p>\n","protected":false},"excerpt":{"rendered":"<p>Avec les classes de 2GTB, 2GTG, 2GTF, 1A, 1STI2D et TF, nous avons travaill\u00e9 plusieurs th\u00e8mes du programme \u2014 le pass\u00e9 dans le pr\u00e9sent, l\u2019art et le pouvoir, ainsi que l\u2019espace public et priv\u00e9 \u2014 en les reliant aux traditions mexicaines. Cette approche culturelle a permis d\u2019introduire les \u00e9l\u00e8ves \u00e0 une dimension vivante et symbolique [&hellip;]<\/p>\n","protected":false},"author":2,"featured_media":0,"comment_status":"closed","ping_status":"closed","sticky":false,"template":"","format":"standard","meta":{"_et_pb_use_builder":"on","_et_pb_old_content":"","_et_gb_content_width":"","footnotes":""},"categories":[22,16],"tags":[],"class_list":["post-2524","post","type-post","status-publish","format-standard","hentry","category-espace-pedagogique-2025-2026","category-ouverture-internationale"],"_links":{"self":[{"href":"https:\/\/www.lyceehenaff.fr\/index.php\/wp-json\/wp\/v2\/posts\/2524","targetHints":{"allow":["GET"]}}],"collection":[{"href":"https:\/\/www.lyceehenaff.fr\/index.php\/wp-json\/wp\/v2\/posts"}],"about":[{"href":"https:\/\/www.lyceehenaff.fr\/index.php\/wp-json\/wp\/v2\/types\/post"}],"author":[{"embeddable":true,"href":"https:\/\/www.lyceehenaff.fr\/index.php\/wp-json\/wp\/v2\/users\/2"}],"replies":[{"embeddable":true,"href":"https:\/\/www.lyceehenaff.fr\/index.php\/wp-json\/wp\/v2\/comments?post=2524"}],"version-history":[{"count":5,"href":"https:\/\/www.lyceehenaff.fr\/index.php\/wp-json\/wp\/v2\/posts\/2524\/revisions"}],"predecessor-version":[{"id":2535,"href":"https:\/\/www.lyceehenaff.fr\/index.php\/wp-json\/wp\/v2\/posts\/2524\/revisions\/2535"}],"wp:attachment":[{"href":"https:\/\/www.lyceehenaff.fr\/index.php\/wp-json\/wp\/v2\/media?parent=2524"}],"wp:term":[{"taxonomy":"category","embeddable":true,"href":"https:\/\/www.lyceehenaff.fr\/index.php\/wp-json\/wp\/v2\/categories?post=2524"},{"taxonomy":"post_tag","embeddable":true,"href":"https:\/\/www.lyceehenaff.fr\/index.php\/wp-json\/wp\/v2\/tags?post=2524"}],"curies":[{"name":"wp","href":"https:\/\/api.w.org\/{rel}","templated":true}]}}