{"id":2639,"date":"2026-03-13T13:30:24","date_gmt":"2026-03-13T12:30:24","guid":{"rendered":"https:\/\/www.lyceehenaff.fr\/?p=2639"},"modified":"2026-03-13T13:30:57","modified_gmt":"2026-03-13T12:30:57","slug":"decouverte-des-formations-post-bac-au-lycee-raspail-pour-les-tmee-et-les-ticcer","status":"publish","type":"post","link":"https:\/\/www.lyceehenaff.fr\/index.php\/2026\/03\/13\/decouverte-des-formations-post-bac-au-lycee-raspail-pour-les-tmee-et-les-ticcer\/","title":{"rendered":"D\u00e9couverte des formations post bac au lyc\u00e9e Raspail pour les TMEE et les TICCER"},"content":{"rendered":"<p>[et_pb_section fb_built=\u00a0\u00bb1&Prime; _builder_version=\u00a0\u00bb4.23.1&Prime; _module_preset=\u00a0\u00bbdefault\u00a0\u00bb min_height=\u00a0\u00bb956.3px\u00a0\u00bb global_colors_info=\u00a0\u00bb{}\u00a0\u00bb theme_builder_area=\u00a0\u00bbpost_content\u00a0\u00bb][et_pb_row _builder_version=\u00a0\u00bb4.27.4&Prime; _module_preset=\u00a0\u00bbdefault\u00a0\u00bb custom_padding=\u00a0\u00bb0px|||||\u00a0\u00bb global_colors_info=\u00a0\u00bb{}\u00a0\u00bb theme_builder_area=\u00a0\u00bbpost_content\u00a0\u00bb][et_pb_column type=\u00a0\u00bb4_4&Prime; _builder_version=\u00a0\u00bb4.23.1&Prime; _module_preset=\u00a0\u00bbdefault\u00a0\u00bb global_colors_info=\u00a0\u00bb{}\u00a0\u00bb theme_builder_area=\u00a0\u00bbpost_content\u00a0\u00bb][et_pb_text _builder_version=\u00a0\u00bb4.27.5&Prime; _module_preset=\u00a0\u00bbdefault\u00a0\u00bb global_colors_info=\u00a0\u00bb{}\u00a0\u00bb theme_builder_area=\u00a0\u00bbpost_content\u00a0\u00bb]<\/p>\n<div style=\"direction: ltr; text-align: left; text-indent: 0px; margin: 0px; font-family: Aptos, Aptos_EmbeddedFont, Aptos_MSFontService, Calibri, Helvetica, sans-serif, serif, EmojiFont; font-size: 12pt; color: #000000 !important;\" class=\"x_elementToProof\">\n<div style=\"direction: ltr; margin-top: 1em; margin-bottom: 1em; font-family: Arial,Helvetica,sans-serif; font-size: 12pt; color: #000000;\" data-olk-copy-source=\"MessageBody\">\n<div style=\"font-family: Aptos, Aptos_EmbeddedFont, Aptos_MSFontService, Calibri, Helvetica, sans-serif; font-size: 12pt; color: #000000 !important;\" class=\"x_elementToProof\" data-olk-copy-source=\"MessageBody\">\n<div data-olk-copy-source=\"MessageBody\">\n<p><span style=\"font-family: Aptos, Aptos_MSFontService, -apple-system, Roboto, Arial, Helvetica, sans-serif; font-size: 12pt; color: #212121;\" data-olk-copy-source=\"MessageBody\">Le mercredi 11 mars 2026,\u00a0 les \u00e9l\u00e8ves de TMEE et de TICCER se sont rendus au lyc\u00e9e Raspail de Paris pour y d\u00e9couvrir des formations post-bac ( en initial ou en alternance).<\/span><\/p>\n<div><\/div>\n<\/div>\n<\/div>\n<\/div>\n<\/div>\n<p>[\/et_pb_text][\/et_pb_column][\/et_pb_row][et_pb_row _builder_version=\u00a0\u00bb4.25.1&Prime; _module_preset=\u00a0\u00bbdefault\u00a0\u00bb global_colors_info=\u00a0\u00bb{}\u00a0\u00bb theme_builder_area=\u00a0\u00bbpost_content\u00a0\u00bb][et_pb_column type=\u00a0\u00bb4_4&Prime; _builder_version=\u00a0\u00bb4.23.1&Prime; _module_preset=\u00a0\u00bbdefault\u00a0\u00bb global_colors_info=\u00a0\u00bb{}\u00a0\u00bb theme_builder_area=\u00a0\u00bbpost_content\u00a0\u00bb][et_pb_gallery gallery_ids=\u00a0\u00bb2642,2643,2644,2645,2646,2647,2648,2649,2650,2651,2652&Prime; fullwidth=\u00a0\u00bbon\u00a0\u00bb _builder_version=\u00a0\u00bb4.27.5&Prime; _module_preset=\u00a0\u00bbdefault\u00a0\u00bb pagination_text_color=\u00a0\u00bb#000000&Prime; animation_style=\u00a0\u00bbfade\u00a0\u00bb animation_delay=\u00a0\u00bb100ms\u00a0\u00bb auto=\u00a0\u00bbon\u00a0\u00bb enable_grid_motion=\u00a0\u00bbon\u00a0\u00bb hover_enabled=\u00a0\u00bb0&Prime; border_radii=\u00a0\u00bbon|10px|10px|10px|10px\u00a0\u00bb global_colors_info=\u00a0\u00bb{}\u00a0\u00bb theme_builder_area=\u00a0\u00bbpost_content\u00a0\u00bb sticky_enabled=\u00a0\u00bb0&Prime;][\/et_pb_gallery][\/et_pb_column][\/et_pb_row][\/et_pb_section]<\/p>\n","protected":false},"excerpt":{"rendered":"<p>Le mercredi 11 mars 2026,\u00a0 les \u00e9l\u00e8ves de TMEE et de TICCER se sont rendus au lyc\u00e9e Raspail de Paris pour y d\u00e9couvrir des formations post-bac ( en initial ou en alternance).<\/p>\n","protected":false},"author":2,"featured_media":0,"comment_status":"closed","ping_status":"closed","sticky":false,"template":"","format":"standard","meta":{"_et_pb_use_builder":"on","_et_pb_old_content":"","_et_gb_content_width":"","footnotes":""},"categories":[18,22],"tags":[],"class_list":["post-2639","post","type-post","status-publish","format-standard","hentry","category-caroussel","category-espace-pedagogique-2025-2026"],"_links":{"self":[{"href":"https:\/\/www.lyceehenaff.fr\/index.php\/wp-json\/wp\/v2\/posts\/2639","targetHints":{"allow":["GET"]}}],"collection":[{"href":"https:\/\/www.lyceehenaff.fr\/index.php\/wp-json\/wp\/v2\/posts"}],"about":[{"href":"https:\/\/www.lyceehenaff.fr\/index.php\/wp-json\/wp\/v2\/types\/post"}],"author":[{"embeddable":true,"href":"https:\/\/www.lyceehenaff.fr\/index.php\/wp-json\/wp\/v2\/users\/2"}],"replies":[{"embeddable":true,"href":"https:\/\/www.lyceehenaff.fr\/index.php\/wp-json\/wp\/v2\/comments?post=2639"}],"version-history":[{"count":2,"href":"https:\/\/www.lyceehenaff.fr\/index.php\/wp-json\/wp\/v2\/posts\/2639\/revisions"}],"predecessor-version":[{"id":2653,"href":"https:\/\/www.lyceehenaff.fr\/index.php\/wp-json\/wp\/v2\/posts\/2639\/revisions\/2653"}],"wp:attachment":[{"href":"https:\/\/www.lyceehenaff.fr\/index.php\/wp-json\/wp\/v2\/media?parent=2639"}],"wp:term":[{"taxonomy":"category","embeddable":true,"href":"https:\/\/www.lyceehenaff.fr\/index.php\/wp-json\/wp\/v2\/categories?post=2639"},{"taxonomy":"post_tag","embeddable":true,"href":"https:\/\/www.lyceehenaff.fr\/index.php\/wp-json\/wp\/v2\/tags?post=2639"}],"curies":[{"name":"wp","href":"https:\/\/api.w.org\/{rel}","templated":true}]}}